{"id":316,"date":"2026-03-14T19:58:59","date_gmt":"2026-03-14T19:58:59","guid":{"rendered":"https:\/\/neocalvinismo.com\/?p=316"},"modified":"2026-03-30T21:43:56","modified_gmt":"2026-03-30T21:43:56","slug":"abraham-kuyper-y-america-latina-que-podemos-aprender-hoy","status":"publish","type":"post","link":"https:\/\/neocalvinismo.com\/?p=316","title":{"rendered":"Abraham Kuyper y Am\u00e9rica Latina: \u00bfQu\u00e9 podemos aprender hoy?"},"content":{"rendered":"\n<figure class=\"wp-block-image size-full\"><img fetchpriority=\"high\" decoding=\"async\" width=\"1536\" height=\"1024\" src=\"https:\/\/neocalvinismo.com\/wp-content\/uploads\/2026\/03\/ChatGPT-Image-Mar-14-2026-11_31_35-AM.png\" alt=\"\" class=\"wp-image-317\"\/><\/figure>\n\n\n\n<p>Acomp\u00e1\u00f1anos en esta conversaci\u00f3n sobre la importancia de redescubrir el pensamiento de Abraham Kuyper y, en particular, el valor que sus Conferencias sobre el Calvinismo pueden tener para Am\u00e9rica Latina hoy. En este episodio de la serie \u201c\u00a1Tienes que conocer a\u2026!\u201d dialogamos con Iv\u00e1n Tomassini, del Centro de Estudios Cristianos Kuyper, acerca de la relevancia de este influyente pensador y de c\u00f3mo sus ideas pueden ayudar a los cristianos latinoamericanos a reflexionar sobre la relaci\u00f3n entre fe, cultura y vida p\u00fablica.<\/p>\n\n\n\n<p>Abraham Kuyper fue una figura notable de finales del siglo XIX y comienzos del XX: te\u00f3logo, fil\u00f3sofo, periodista y tambi\u00e9n primer ministro de los Pa\u00edses Bajos. Su pensamiento busc\u00f3 mostrar que la fe cristiana no se limita al \u00e1mbito privado o eclesial, sino que tiene implicaciones para todas las \u00e1reas de la vida. En sus famosas Conferencias sobre el Calvinismo \u2014presentadas originalmente en la Universidad de Princeton en 1898\u2014 Kuyper describe el calvinismo no solo como una doctrina teol\u00f3gica, sino como una cosmovisi\u00f3n integral que ofrece una forma coherente de comprender el mundo.<\/p>\n\n\n\n<p>Uno de los aspectos m\u00e1s conocidos de su pensamiento es la afirmaci\u00f3n de que Cristo es Se\u00f1or de toda la vida. Kuyper insist\u00eda en que no existe una esfera de la realidad que quede fuera del se\u00f1or\u00edo de Dios. Esto significa que \u00e1reas como la pol\u00edtica, la educaci\u00f3n, el arte, la ciencia, la econom\u00eda o la vida social tambi\u00e9n deben ser pensadas desde una perspectiva cristiana. Esta visi\u00f3n result\u00f3 profundamente influyente en el desarrollo del pensamiento reformado moderno y contin\u00faa inspirando a acad\u00e9micos, l\u00edderes cristianos y comunidades de fe en distintas partes del mundo.<\/p>\n\n\n\n<p>En Am\u00e9rica Latina, donde la relaci\u00f3n entre fe, cultura e identidad social es especialmente compleja, las ideas de Kuyper pueden abrir caminos interesantes para una reflexi\u00f3n m\u00e1s profunda sobre el papel p\u00fablico del cristianismo. Sus conferencias invitan a los creyentes a pensar de manera m\u00e1s amplia sobre su vocaci\u00f3n en el mundo, reconociendo que la fe cristiana puede contribuir creativamente al desarrollo cultural, intelectual y social de nuestras sociedades.<\/p>\n\n\n\n<p>En esta conversaci\u00f3n exploramos algunas de estas ideas y reflexionamos sobre c\u00f3mo el pensamiento de Kuyper puede dialogar con los desaf\u00edos y oportunidades del contexto latinoamericano actual. Tambi\u00e9n comentamos por qu\u00e9 volver a estos textos cl\u00e1sicos puede ser una fuente de inspiraci\u00f3n para nuevas generaciones que buscan integrar fe, pensamiento y cultura de una manera m\u00e1s profunda y responsable.<\/p>\n\n\n\n<p>Invitado: Iv\u00e1n Tomassini<br>Centro de Estudios Cristianos Kuyper<br><a href=\"https:\/\/www.centrokuyper.com\/\">https:\/\/www.centrokuyper.com\/<\/a><\/p>\n\n\n\n<p><\/p>\n\n\n\n<figure class=\"wp-block-embed is-type-video is-provider-youtube wp-block-embed-youtube wp-embed-aspect-16-9 wp-has-aspect-ratio\"><div class=\"wp-block-embed__wrapper\">\n<div class=\"ast-oembed-container \" style=\"height: 100%;\"><iframe title=\"Abraham Kuyper \u2013 Conferencias sobre el Calvinismo\" width=\"500\" height=\"281\" src=\"https:\/\/www.youtube.com\/embed\/2yWOevTRyiw?feature=oembed\" frameborder=\"0\" allow=\"accelerometer; autoplay; clipboard-write; encrypted-media; gyroscope; picture-in-picture; web-share\" referrerpolicy=\"strict-origin-when-cross-origin\" allowfullscreen><\/iframe><\/div>\n<\/div><\/figure>\n","protected":false},"excerpt":{"rendered":"<p>Acomp\u00e1\u00f1anos en esta conversaci\u00f3n sobre la importancia de redescubrir el pensamiento de Abraham Kuyper y, en particular, el valor que [&hellip;]<\/p>\n","protected":false},"author":1,"featured_media":0,"comment_status":"open","ping_status":"open","sticky":false,"template":"","format":"standard","meta":{"site-sidebar-layout":"default","site-content-layout":"","ast-site-content-layout":"","site-content-style":"default","site-sidebar-style":"default","ast-global-header-display":"","ast-banner-title-visibility":"","ast-main-header-display":"","ast-hfb-above-header-display":"","ast-hfb-below-header-display":"","ast-hfb-mobile-header-display":"","site-post-title":"","ast-breadcrumbs-content":"","ast-featured-img":"","footer-sml-layout":"","theme-transparent-header-meta":"","adv-header-id-meta":"","stick-header-meta":"","header-above-stick-meta":"","header-main-stick-meta":"","header-below-stick-meta":"","astra-migrate-meta-layouts":"default","ast-page-background-enabled":"default","ast-page-background-meta":{"desktop":{"background-color":"var(--ast-global-color-5)","background-image":"","background-repeat":"repeat","background-position":"center center","background-size":"auto","background-attachment":"scroll","background-type":"","background-media":"","overlay-type":"","overlay-color":"","overlay-opacity":"","overlay-gradient":""},"tablet":{"background-color":"","background-image":"","background-repeat":"repeat","background-position":"center center","background-size":"auto","background-attachment":"scroll","background-type":"","background-media":"","overlay-type":"","overlay-color":"","overlay-opacity":"","overlay-gradient":""},"mobile":{"background-color":"","background-image":"","background-repeat":"repeat","background-position":"center center","background-size":"auto","background-attachment":"scroll","background-type":"","background-media":"","overlay-type":"","overlay-color":"","overlay-opacity":"","overlay-gradient":""}},"ast-content-background-meta":{"desktop":{"background-color":"var(--ast-global-color-4)","background-image":"","background-repeat":"repeat","background-position":"center center","background-size":"auto","background-attachment":"scroll","background-type":"","background-media":"","overlay-type":"","overlay-color":"","overlay-opacity":"","overlay-gradient":""},"tablet":{"background-color":"var(--ast-global-color-4)","background-image":"","background-repeat":"repeat","background-position":"center center","background-size":"auto","background-attachment":"scroll","background-type":"","background-media":"","overlay-type":"","overlay-color":"","overlay-opacity":"","overlay-gradient":""},"mobile":{"background-color":"var(--ast-global-color-4)","background-image":"","background-repeat":"repeat","background-position":"center center","background-size":"auto","background-attachment":"scroll","background-type":"","background-media":"","overlay-type":"","overlay-color":"","overlay-opacity":"","overlay-gradient":""}},"footnotes":""},"categories":[5],"tags":[4],"class_list":["post-316","post","type-post","status-publish","format-standard","hentry","category-cultura","tag-neocalvinismo"],"_links":{"self":[{"href":"https:\/\/neocalvinismo.com\/index.php?rest_route=\/wp\/v2\/posts\/316","targetHints":{"allow":["GET"]}}],"collection":[{"href":"https:\/\/neocalvinismo.com\/index.php?rest_route=\/wp\/v2\/posts"}],"about":[{"href":"https:\/\/neocalvinismo.com\/index.php?rest_route=\/wp\/v2\/types\/post"}],"author":[{"embeddable":true,"href":"https:\/\/neocalvinismo.com\/index.php?rest_route=\/wp\/v2\/users\/1"}],"replies":[{"embeddable":true,"href":"https:\/\/neocalvinismo.com\/index.php?rest_route=%2Fwp%2Fv2%2Fcomments&post=316"}],"version-history":[{"count":1,"href":"https:\/\/neocalvinismo.com\/index.php?rest_route=\/wp\/v2\/posts\/316\/revisions"}],"predecessor-version":[{"id":318,"href":"https:\/\/neocalvinismo.com\/index.php?rest_route=\/wp\/v2\/posts\/316\/revisions\/318"}],"wp:attachment":[{"href":"https:\/\/neocalvinismo.com\/index.php?rest_route=%2Fwp%2Fv2%2Fmedia&parent=316"}],"wp:term":[{"taxonomy":"category","embeddable":true,"href":"https:\/\/neocalvinismo.com\/index.php?rest_route=%2Fwp%2Fv2%2Fcategories&post=316"},{"taxonomy":"post_tag","embeddable":true,"href":"https:\/\/neocalvinismo.com\/index.php?rest_route=%2Fwp%2Fv2%2Ftags&post=316"}],"curies":[{"name":"wp","href":"https:\/\/api.w.org\/{rel}","templated":true}]}}